{"id":382,"date":"2013-05-18T10:01:29","date_gmt":"2013-05-18T08:01:29","guid":{"rendered":"http:\/\/paseo-barcelona.de\/barcelona\/?p=382"},"modified":"2017-04-21T18:59:41","modified_gmt":"2017-04-21T16:59:41","slug":"barri-gotic","status":"publish","type":"post","link":"http:\/\/paseo-barcelona.de\/barcelona\/barri-gotic\/","title":{"rendered":"Barcelonas Stadtviertel &#8222;Barri G\u00f2tic&#8220;"},"content":{"rendered":"<p>Das Barri G\u00f2tic oder spanisch auch\u00a0<em>Barrio Gotico<\/em>, das gotische Viertel erstreckt sich auf der Nordseite der Rambla zwischen Rambla und Via Layetana vom Placa Catalunya bis zum Meer.<\/p>\n<p>Hier lag die von den r\u00f6mische Siedlung Barcino. Die Hauptstrassen der R\u00f6mer, das Judenviertel und die Kathedrale sind nur wenige der erhaltenen Sehensw\u00fcrdigkeiten vergangener Zeit.<\/p>\n<p>Geniessen Sie die Sonne auf den Pl\u00e4tzen, schlendern Sie durch die engen Gassen des mittelalterlichen Barcelonas und entdecken Sie viele Schn\u00e4ppchen in den kleinen Boutiquen.<\/p>\n<p>Das Barri Gotic ist das \u00e4lteste Viertel und zugleich das Meistbesuchteste. Unsere deutschsprachige Tour im Barri G\u00f2tic finden Sie <a title=\"Paseo Gotico Stadtf\u00fchrung in Barcelona\" href=\"http:\/\/paseo-barcelona.de\/barcelona\/stadtfuhrungen\/paseo-gotico\/\">hier<\/a>.<\/p>\n","protected":false},"excerpt":{"rendered":"<p>Das Barri G\u00f2tic oder spanisch auch\u00a0Barrio Gotico, das gotische Viertel erstreckt sich auf der Nordseite der Rambla zwischen Rambla und Via Layetana vom Placa Catalunya bis zum Meer. Hier lag &#8230;<\/p>\n","protected":false},"author":1,"featured_media":256,"comment_status":"closed","ping_status":"closed","sticky":false,"template":"","format":"standard","meta":{"jetpack_post_was_ever_published":false,"_jetpack_newsletter_access":"","_jetpack_dont_email_post_to_subs":false,"_jetpack_newsletter_tier_id":0,"_jetpack_memberships_contains_paywalled_content":false,"_jetpack_memberships_contains_paid_content":false,"footnotes":""},"categories":[8],"tags":[10,9],"class_list":["post-382","post","type-post","status-publish","format-standard","has-post-thumbnail","hentry","category-stadtviertel","tag-barrio","tag-stadtviertel-2"],"yoast_head":"<!-- This site is optimized with the Yoast SEO plugin v23.2 - https:\/\/yoast.com\/wordpress\/plugins\/seo\/ -->\n<title>Barri G\u00f2tic - das mittelalterliche Stadtviertel in Barcelona<\/title>\n<meta name=\"description\" content=\"Enge Gassen, sch\u00f6ne Pl\u00e4tze und viele Sehensw\u00fcrdigkeiten - das ist das Barri G\u00f2tic.\" \/>\n<meta name=\"robots\" content=\"index, follow, max-snippet:-1, max-image-preview:large, max-video-preview:-1\" \/>\n<link rel=\"canonical\" href=\"http:\/\/paseo-barcelona.de\/barcelona\/barri-gotic\/\" \/>\n<meta property=\"og:locale\" content=\"de_DE\" \/>\n<meta property=\"og:type\" content=\"article\" \/>\n<meta property=\"og:title\" content=\"Barri G\u00f2tic - das mittelalterliche Stadtviertel in Barcelona\" \/>\n<meta property=\"og:description\" content=\"Enge Gassen, sch\u00f6ne Pl\u00e4tze und viele Sehensw\u00fcrdigkeiten - das ist das Barri G\u00f2tic.\" \/>\n<meta property=\"og:url\" content=\"http:\/\/paseo-barcelona.de\/barcelona\/barri-gotic\/\" \/>\n<meta property=\"og:site_name\" content=\"Paseo Barcelona\" \/>\n<meta property=\"article:published_time\" content=\"2013-05-18T08:01:29+00:00\" \/>\n<meta property=\"article:modified_time\" content=\"2017-04-21T16:59:41+00:00\" \/>\n<meta property=\"og:image\" content=\"https:\/\/i0.wp.com\/paseo-barcelona.de\/barcelona\/wp-content\/uploads\/2013\/05\/08_1.jpg?fit=5184%2C3456\" \/>\n\t<meta property=\"og:image:width\" content=\"5184\" \/>\n\t<meta property=\"og:image:height\" content=\"3456\" \/>\n\t<meta property=\"og:image:type\" content=\"image\/jpeg\" \/>\n<meta name=\"author\" content=\"Paseo Barcelona Team\" \/>\n<meta name=\"twitter:label1\" content=\"Verfasst von\" \/>\n\t<meta name=\"twitter:data1\" content=\"Paseo Barcelona Team\" \/>\n\t<meta name=\"twitter:label2\" content=\"Gesch\u00e4tzte Lesezeit\" \/>\n\t<meta name=\"twitter:data2\" content=\"1\u00a0Minute\" \/>\n<script type=\"application\/ld+json\" class=\"yoast-schema-graph\">{\"@context\":\"https:\/\/schema.org\",\"@graph\":[{\"@type\":\"WebPage\",\"@id\":\"http:\/\/paseo-barcelona.de\/barcelona\/barri-gotic\/\",\"url\":\"http:\/\/paseo-barcelona.de\/barcelona\/barri-gotic\/\",\"name\":\"Barri G\u00f2tic - das mittelalterliche Stadtviertel in Barcelona\",\"isPartOf\":{\"@id\":\"http:\/\/paseo-barcelona.de\/barcelona\/#website\"},\"primaryImageOfPage\":{\"@id\":\"http:\/\/paseo-barcelona.de\/barcelona\/barri-gotic\/#primaryimage\"},\"image\":{\"@id\":\"http:\/\/paseo-barcelona.de\/barcelona\/barri-gotic\/#primaryimage\"},\"thumbnailUrl\":\"https:\/\/i0.wp.com\/paseo-barcelona.de\/barcelona\/wp-content\/uploads\/2013\/05\/08_1.jpg?fit=5184%2C3456\",\"datePublished\":\"2013-05-18T08:01:29+00:00\",\"dateModified\":\"2017-04-21T16:59:41+00:00\",\"author\":{\"@id\":\"http:\/\/paseo-barcelona.de\/barcelona\/#\/schema\/person\/1667771763b0875bdc74a1f97a510b33\"},\"description\":\"Enge Gassen, sch\u00f6ne Pl\u00e4tze und viele Sehensw\u00fcrdigkeiten - das ist das Barri G\u00f2tic.\",\"breadcrumb\":{\"@id\":\"http:\/\/paseo-barcelona.de\/barcelona\/barri-gotic\/#breadcrumb\"},\"inLanguage\":\"de\",\"potentialAction\":[{\"@type\":\"ReadAction\",\"target\":[\"http:\/\/paseo-barcelona.de\/barcelona\/barri-gotic\/\"]}]},{\"@type\":\"ImageObject\",\"inLanguage\":\"de\",\"@id\":\"http:\/\/paseo-barcelona.de\/barcelona\/barri-gotic\/#primaryimage\",\"url\":\"https:\/\/i0.wp.com\/paseo-barcelona.de\/barcelona\/wp-content\/uploads\/2013\/05\/08_1.jpg?fit=5184%2C3456\",\"contentUrl\":\"https:\/\/i0.wp.com\/paseo-barcelona.de\/barcelona\/wp-content\/uploads\/2013\/05\/08_1.jpg?fit=5184%2C3456\",\"width\":5184,\"height\":3456,\"caption\":\"Palau reial major\"},{\"@type\":\"BreadcrumbList\",\"@id\":\"http:\/\/paseo-barcelona.de\/barcelona\/barri-gotic\/#breadcrumb\",\"itemListElement\":[{\"@type\":\"ListItem\",\"position\":1,\"name\":\"Home\",\"item\":\"http:\/\/paseo-barcelona.de\/barcelona\/\"},{\"@type\":\"ListItem\",\"position\":2,\"name\":\"Barcelonas Stadtviertel &#8222;Barri G\u00f2tic&#8220;\"}]},{\"@type\":\"WebSite\",\"@id\":\"http:\/\/paseo-barcelona.de\/barcelona\/#website\",\"url\":\"http:\/\/paseo-barcelona.de\/barcelona\/\",\"name\":\"Paseo Barcelona\",\"description\":\"Stadtf\u00fchrungen in Barcelona\",\"potentialAction\":[{\"@type\":\"SearchAction\",\"target\":{\"@type\":\"EntryPoint\",\"urlTemplate\":\"http:\/\/paseo-barcelona.de\/barcelona\/?s={search_term_string}\"},\"query-input\":\"required name=search_term_string\"}],\"inLanguage\":\"de\"},{\"@type\":\"Person\",\"@id\":\"http:\/\/paseo-barcelona.de\/barcelona\/#\/schema\/person\/1667771763b0875bdc74a1f97a510b33\",\"name\":\"Paseo Barcelona Team\",\"description\":\"Das Paseo Barcelona Team bietet seit 2007 Stadtf\u00fchrungen und Ausfl\u00fcge in Barcelona an.\",\"sameAs\":[\"http:\/\/www.paseo-barcelona.de\"],\"url\":\"http:\/\/paseo-barcelona.de\/barcelona\/author\/wp_admin\/\"}]}<\/script>\n<!-- \/ Yoast SEO plugin. -->","yoast_head_json":{"title":"Barri G\u00f2tic - das mittelalterliche Stadtviertel in Barcelona","description":"Enge Gassen, sch\u00f6ne Pl\u00e4tze und viele Sehensw\u00fcrdigkeiten - das ist das Barri G\u00f2tic.","robots":{"index":"index","follow":"follow","max-snippet":"max-snippet:-1","max-image-preview":"max-image-preview:large","max-video-preview":"max-video-preview:-1"},"canonical":"http:\/\/paseo-barcelona.de\/barcelona\/barri-gotic\/","og_locale":"de_DE","og_type":"article","og_title":"Barri G\u00f2tic - das mittelalterliche Stadtviertel in Barcelona","og_description":"Enge Gassen, sch\u00f6ne Pl\u00e4tze und viele Sehensw\u00fcrdigkeiten - das ist das Barri G\u00f2tic.","og_url":"http:\/\/paseo-barcelona.de\/barcelona\/barri-gotic\/","og_site_name":"Paseo Barcelona","article_published_time":"2013-05-18T08:01:29+00:00","article_modified_time":"2017-04-21T16:59:41+00:00","og_image":[{"width":5184,"height":3456,"url":"https:\/\/i0.wp.com\/paseo-barcelona.de\/barcelona\/wp-content\/uploads\/2013\/05\/08_1.jpg?fit=5184%2C3456","type":"image\/jpeg"}],"author":"Paseo Barcelona Team","twitter_misc":{"Verfasst von":"Paseo Barcelona Team","Gesch\u00e4tzte Lesezeit":"1\u00a0Minute"},"schema":{"@context":"https:\/\/schema.org","@graph":[{"@type":"WebPage","@id":"http:\/\/paseo-barcelona.de\/barcelona\/barri-gotic\/","url":"http:\/\/paseo-barcelona.de\/barcelona\/barri-gotic\/","name":"Barri G\u00f2tic - das mittelalterliche Stadtviertel in Barcelona","isPartOf":{"@id":"http:\/\/paseo-barcelona.de\/barcelona\/#website"},"primaryImageOfPage":{"@id":"http:\/\/paseo-barcelona.de\/barcelona\/barri-gotic\/#primaryimage"},"image":{"@id":"http:\/\/paseo-barcelona.de\/barcelona\/barri-gotic\/#primaryimage"},"thumbnailUrl":"https:\/\/i0.wp.com\/paseo-barcelona.de\/barcelona\/wp-content\/uploads\/2013\/05\/08_1.jpg?fit=5184%2C3456","datePublished":"2013-05-18T08:01:29+00:00","dateModified":"2017-04-21T16:59:41+00:00","author":{"@id":"http:\/\/paseo-barcelona.de\/barcelona\/#\/schema\/person\/1667771763b0875bdc74a1f97a510b33"},"description":"Enge Gassen, sch\u00f6ne Pl\u00e4tze und viele Sehensw\u00fcrdigkeiten - das ist das Barri G\u00f2tic.","breadcrumb":{"@id":"http:\/\/paseo-barcelona.de\/barcelona\/barri-gotic\/#breadcrumb"},"inLanguage":"de","potentialAction":[{"@type":"ReadAction","target":["http:\/\/paseo-barcelona.de\/barcelona\/barri-gotic\/"]}]},{"@type":"ImageObject","inLanguage":"de","@id":"http:\/\/paseo-barcelona.de\/barcelona\/barri-gotic\/#primaryimage","url":"https:\/\/i0.wp.com\/paseo-barcelona.de\/barcelona\/wp-content\/uploads\/2013\/05\/08_1.jpg?fit=5184%2C3456","contentUrl":"https:\/\/i0.wp.com\/paseo-barcelona.de\/barcelona\/wp-content\/uploads\/2013\/05\/08_1.jpg?fit=5184%2C3456","width":5184,"height":3456,"caption":"Palau reial major"},{"@type":"BreadcrumbList","@id":"http:\/\/paseo-barcelona.de\/barcelona\/barri-gotic\/#breadcrumb","itemListElement":[{"@type":"ListItem","position":1,"name":"Home","item":"http:\/\/paseo-barcelona.de\/barcelona\/"},{"@type":"ListItem","position":2,"name":"Barcelonas Stadtviertel &#8222;Barri G\u00f2tic&#8220;"}]},{"@type":"WebSite","@id":"http:\/\/paseo-barcelona.de\/barcelona\/#website","url":"http:\/\/paseo-barcelona.de\/barcelona\/","name":"Paseo Barcelona","description":"Stadtf\u00fchrungen in Barcelona","potentialAction":[{"@type":"SearchAction","target":{"@type":"EntryPoint","urlTemplate":"http:\/\/paseo-barcelona.de\/barcelona\/?s={search_term_string}"},"query-input":"required name=search_term_string"}],"inLanguage":"de"},{"@type":"Person","@id":"http:\/\/paseo-barcelona.de\/barcelona\/#\/schema\/person\/1667771763b0875bdc74a1f97a510b33","name":"Paseo Barcelona Team","description":"Das Paseo Barcelona Team bietet seit 2007 Stadtf\u00fchrungen und Ausfl\u00fcge in Barcelona an.","sameAs":["http:\/\/www.paseo-barcelona.de"],"url":"http:\/\/paseo-barcelona.de\/barcelona\/author\/wp_admin\/"}]}},"jetpack_sharing_enabled":true,"jetpack_featured_media_url":"https:\/\/i0.wp.com\/paseo-barcelona.de\/barcelona\/wp-content\/uploads\/2013\/05\/08_1.jpg?fit=5184%2C3456","jetpack_shortlink":"https:\/\/wp.me\/p3DtfU-6a","jetpack-related-posts":[],"_links":{"self":[{"href":"http:\/\/paseo-barcelona.de\/barcelona\/wp-json\/wp\/v2\/posts\/382"}],"collection":[{"href":"http:\/\/paseo-barcelona.de\/barcelona\/wp-json\/wp\/v2\/posts"}],"about":[{"href":"http:\/\/paseo-barcelona.de\/barcelona\/wp-json\/wp\/v2\/types\/post"}],"author":[{"embeddable":true,"href":"http:\/\/paseo-barcelona.de\/barcelona\/wp-json\/wp\/v2\/users\/1"}],"replies":[{"embeddable":true,"href":"http:\/\/paseo-barcelona.de\/barcelona\/wp-json\/wp\/v2\/comments?post=382"}],"version-history":[{"count":6,"href":"http:\/\/paseo-barcelona.de\/barcelona\/wp-json\/wp\/v2\/posts\/382\/revisions"}],"predecessor-version":[{"id":387,"href":"http:\/\/paseo-barcelona.de\/barcelona\/wp-json\/wp\/v2\/posts\/382\/revisions\/387"}],"wp:featuredmedia":[{"embeddable":true,"href":"http:\/\/paseo-barcelona.de\/barcelona\/wp-json\/wp\/v2\/media\/256"}],"wp:attachment":[{"href":"http:\/\/paseo-barcelona.de\/barcelona\/wp-json\/wp\/v2\/media?parent=382"}],"wp:term":[{"taxonomy":"category","embeddable":true,"href":"http:\/\/paseo-barcelona.de\/barcelona\/wp-json\/wp\/v2\/categories?post=382"},{"taxonomy":"post_tag","embeddable":true,"href":"http:\/\/paseo-barcelona.de\/barcelona\/wp-json\/wp\/v2\/tags?post=382"}],"curies":[{"name":"wp","href":"https:\/\/api.w.org\/{rel}","templated":true}]}}