{"id":755,"date":"2017-04-22T08:07:21","date_gmt":"2017-04-22T06:07:21","guid":{"rendered":"http:\/\/paseo-barcelona.de\/barcelona\/?p=755"},"modified":"2023-04-17T12:56:23","modified_gmt":"2023-04-17T10:56:23","slug":"sant-jordi-von-drachen-buechern-und-rosen","status":"publish","type":"post","link":"http:\/\/paseo-barcelona.de\/barcelona\/sant-jordi-von-drachen-buechern-und-rosen\/","title":{"rendered":"Sant Jordi &#8211; von Drachen, B\u00fcchern und Rosen"},"content":{"rendered":"<p>Der 23. April ist in Barcelona und ganz Katalonien ein besonderer Festtag mit romantischem Flair. Die Katalanen ehren an diesem Tag ihren Schutzheiligen Georg (Sant Jordi) und Spaniens ber\u00fchmtesten Schriftsteller Miguel de Cervantes.<\/p>\n<p>Aus diesen beiden Festtagen bildete sich die Tradition, dass Verliebte Geschenke austauschen. M\u00e4nner erhalten ein Buch, Frauen eine Rose.<\/p>\n<h3>Sant Jordi &#8211; die Legende des Hl. Georg<\/h3>\n<p>Um den Hl. Georg, einen ehemaligen Soldaten und sp\u00e4teren christlichen M\u00e4rtyrer, dem Schutzpatron der Bauern und Verliebten ranken sich viele Mythen und Legenden. Die bekannteste ist sicherlich die Drachenlegende.<\/p>\n<p>Ein Drache bedrohte einst ein Dorf und verlangte als Opfer t\u00e4glich ein Lamm und eine Jungfrau. Als eines Tages die Losung auf die Prinzessin des Landes fiel k\u00e4mpfte Georg gegen den Drachen, t\u00f6tete ihn und befreite die Prinzessin. Aus dem Blut des Drachen wuchs eine Rose.<\/p>\n<p>In vielen Kirchen und \u00f6ffentlichen Geb\u00e4uden\u00a0\u00a0(z.B. Generalitat am Placa Sant Jaume) in Barcelona findet man Abbildungen von der Szene als Georg auf einem Schimmel reitend mit einer Lanze den Drachen t\u00f6tete.<\/p>\n<p>Die Tradition sich am Tag des Sant Jordi eine Rose als Zeichen der Liebe zu schenken geht bis ins 15. Jahrhundert zur\u00fcck.<\/p>\n<h3>Welttag des Buches<\/h3>\n<p>Der 23. April gilt als Todestag zweier der wichtigsten Schriftsteller in der Geschichte &#8211; William Shakespeare und Miguel de Cervantes (&#8222;<a href=\"http:\/\/amzn.to\/2ovTzWB\" target=\"_blank\" rel=\"noopener noreferrer\">Don Quijote de la Mancha<\/a>&#8222;), weshalb die Unesco ihn 1995 zum <a href=\"http:\/\/www.welttag-des-buches.de\" target=\"_blank\" rel=\"noopener noreferrer\">Welttag des Buches und der Urheberrechte<\/a> erkl\u00e4rte.<\/p>\n<h3>Die Tradition<\/h3>\n<p>Auch wenn es Zufall ist, dass diese beiden Festtage zusammenfallen, k\u00f6nnte die Tradition nicht sch\u00f6ner sein. Barcelona verwandelt sich am 23. April in einen gro\u00dfen Buch- und Blumenladen. Auf der Rambla, an der Generalitat und in den Buchl\u00e4den bilden sich schlangen und der Duft von Rosen erf\u00fcllt die Luft.<\/p>\n<p>Ein gutes Buch mit spannenden, lustigen oder traurigen Geschichten und eine Rose als Zeichen der Liebe und Dankbarkeit verbindet Menschen und schafft Gemeinschaft. Ein sch\u00f6ner und notwendiger Brauch in der heutigen Welt.<\/p>\n<p>Wir selbst feiern seit Jahren den 23. April und haben unsere eigene Buch-und-Rosen-Tradition.<\/p>\n<figure id=\"attachment_759\" aria-describedby=\"caption-attachment-759\" style=\"width: 300px\" class=\"wp-caption alignright\"><a href=\"https:\/\/i0.wp.com\/paseo-barcelona.de\/barcelona\/wp-content\/uploads\/2017\/04\/IMG_4061.jpg\" rel=\"lightbox\"><img loading=\"lazy\" decoding=\"async\" data-attachment-id=\"759\" data-permalink=\"http:\/\/paseo-barcelona.de\/barcelona\/sant-jordi-von-drachen-buechern-und-rosen\/img_4061\/\" data-orig-file=\"https:\/\/i0.wp.com\/paseo-barcelona.de\/barcelona\/wp-content\/uploads\/2017\/04\/IMG_4061.jpg?fit=1530%2C1530\" data-orig-size=\"1530,1530\" data-comments-opened=\"0\" data-image-meta=\"{&quot;aperture&quot;:&quot;0&quot;,&quot;credit&quot;:&quot;&quot;,&quot;camera&quot;:&quot;&quot;,&quot;caption&quot;:&quot;&quot;,&quot;created_timestamp&quot;:&quot;0&quot;,&quot;copyright&quot;:&quot;&quot;,&quot;focal_length&quot;:&quot;0&quot;,&quot;iso&quot;:&quot;0&quot;,&quot;shutter_speed&quot;:&quot;0&quot;,&quot;title&quot;:&quot;&quot;,&quot;orientation&quot;:&quot;0&quot;}\" data-image-title=\"IMG_4061\" data-image-description=\"&lt;p&gt;Carlos Ruiz Zafon&lt;\/p&gt;\n\" data-image-caption=\"\" data-medium-file=\"https:\/\/i0.wp.com\/paseo-barcelona.de\/barcelona\/wp-content\/uploads\/2017\/04\/IMG_4061.jpg?fit=300%2C300\" data-large-file=\"https:\/\/i0.wp.com\/paseo-barcelona.de\/barcelona\/wp-content\/uploads\/2017\/04\/IMG_4061.jpg?fit=800%2C800\" tabindex=\"0\" role=\"button\" class=\"wp-image-759 size-medium\" src=\"https:\/\/i0.wp.com\/paseo-barcelona.de\/barcelona\/wp-content\/uploads\/2017\/04\/IMG_4061.jpg?resize=300%2C300\" alt=\"\" width=\"300\" height=\"300\" srcset=\"https:\/\/i0.wp.com\/paseo-barcelona.de\/barcelona\/wp-content\/uploads\/2017\/04\/IMG_4061.jpg?resize=300%2C300 300w, https:\/\/i0.wp.com\/paseo-barcelona.de\/barcelona\/wp-content\/uploads\/2017\/04\/IMG_4061.jpg?resize=150%2C150 150w, https:\/\/i0.wp.com\/paseo-barcelona.de\/barcelona\/wp-content\/uploads\/2017\/04\/IMG_4061.jpg?resize=768%2C768 768w, https:\/\/i0.wp.com\/paseo-barcelona.de\/barcelona\/wp-content\/uploads\/2017\/04\/IMG_4061.jpg?resize=1024%2C1024 1024w, https:\/\/i0.wp.com\/paseo-barcelona.de\/barcelona\/wp-content\/uploads\/2017\/04\/IMG_4061.jpg?w=1530 1530w\" sizes=\"(max-width: 300px) 100vw, 300px\" data-recalc-dims=\"1\" \/><\/a><figcaption id=\"caption-attachment-759\" class=\"wp-caption-text\">Carlos Ruiz Zaf\u00f3n und der Friedhof der vergessenen B\u00fccher<\/figcaption><\/figure>\n<p>Sehr empfehlenswert zum Tag des Buches und Barcelona ist \u00a0<strong>Carlos Ruiz Zaf\u00f3n<\/strong>s einzigartige und fesselnde B\u00fccherserie rund um den geheimnisvollen Friedhof der vergessenen B\u00fccher.<\/p>\n<p><a href=\"http:\/\/amzn.to\/2oyR9FT\" target=\"_blank\" rel=\"noopener noreferrer\">Der Schatten des Windes<\/a><\/p>\n<p>An einem Sommermorgen des Jahres 1945 wird der junge Daniel Sempere von seinem Vater an einen geheimnisvollen Ort in Barcelona gef\u00fchrt \u2013 den Friedhof der Vergessenen B\u00fccher.<\/p>\n<p>Hier\u00a0entdeckt Daniel den Roman eines geheimnisvollen\u00a0Autors \u203aDer Schatten des Windes\u2039&#8230;.<\/p>\n<p><a href=\"http:\/\/amzn.to\/2ovJGYJ\" target=\"_blank\" rel=\"noopener noreferrer\">Das Spiel des Engels<\/a><\/p>\n<p>In den turbulenten Zeiten des spanischen B\u00fcrgerkriegs macht der mysteri\u00f6se Verleger Andreas Corelli dem erfolglosen Autor David Mart\u00edn ein verhei\u00dfungsvolles Angebot, das diesen in einen gef\u00e4hrlichen Bann zieht.<\/p>\n<p><a href=\"http:\/\/amzn.to\/2ovIvc6\" target=\"_blank\" rel=\"noopener noreferrer\">Der Gefangene des Himmels<\/a><\/p>\n<p>Ferm\u00edn, der\u00a0charmante Herumtreiber und Freund Daniels, erh\u00e4lt \u00fcberraschend Besuch von einem mysteri\u00f6sen Fremden. Finstere Intrigen aus der Zeit des Spanischen B\u00fcrgerkriegs holen Ferm\u00edn ein und\u00a0bedrohen sein Leben und\u00a0das Gl\u00fcck seiner Freunde.<\/p>\n<p><a href=\"http:\/\/amzn.to\/2oz39r1\" target=\"_blank\" rel=\"noopener noreferrer\">Das Labyrinth der Lichter<\/a><\/p>\n<p>Alicia Gris kehrt in ihre Heimatstadt Barcelona zur\u00fcck, um das\u00a0pl\u00f6tzliche Verschwinden des Ministers Mauricio Valls aufzukl\u00e4ren. Dabei entdeckt sie ein\u00a0geheimnisvolles Buch aus der Serie &#8222;Das Labyrinth der Lichter&#8220;. Es f\u00fchrt sie in die Buchhandlung Sempere &amp; S\u00f6hne\u00a0und die Antworten, die Alicia dort findet, bringen nicht nur ihr Leben in allerh\u00f6chste Gefahr, sondern auch das der Menschen, die sie am meisten liebt.<\/p>\n","protected":false},"excerpt":{"rendered":"<p>Der 23. April ist in Barcelona und ganz Katalonien ein besonderer Festtag mit romantischem Flair. Die Katalanen ehren an diesem Tag ihren Schutzheiligen Georg (Sant Jordi) und Spaniens ber\u00fchmtesten Schriftsteller &#8230;<\/p>\n","protected":false},"author":1,"featured_media":757,"comment_status":"closed","ping_status":"closed","sticky":false,"template":"","format":"standard","meta":{"jetpack_post_was_ever_published":false,"_jetpack_newsletter_access":"","_jetpack_dont_email_post_to_subs":false,"_jetpack_newsletter_tier_id":0,"_jetpack_memberships_contains_paywalled_content":false,"_jetpack_memberships_contains_paid_content":false,"footnotes":""},"categories":[1],"tags":[],"class_list":["post-755","post","type-post","status-publish","format-standard","has-post-thumbnail","hentry","category-allgemein"],"yoast_head":"<!-- This site is optimized with the Yoast SEO plugin v23.2 - https:\/\/yoast.com\/wordpress\/plugins\/seo\/ -->\n<title>Sant Jordi - von Drachen, B\u00fcchern und Rosen - Paseo Barcelona<\/title>\n<meta name=\"robots\" content=\"index, follow, max-snippet:-1, max-image-preview:large, max-video-preview:-1\" \/>\n<link rel=\"canonical\" href=\"http:\/\/paseo-barcelona.de\/barcelona\/sant-jordi-von-drachen-buechern-und-rosen\/\" \/>\n<meta property=\"og:locale\" content=\"de_DE\" \/>\n<meta property=\"og:type\" content=\"article\" \/>\n<meta property=\"og:title\" content=\"Sant Jordi - von Drachen, B\u00fcchern und Rosen - Paseo Barcelona\" \/>\n<meta property=\"og:description\" content=\"Der 23. April ist in Barcelona und ganz Katalonien ein besonderer Festtag mit romantischem Flair. Die Katalanen ehren an diesem Tag ihren Schutzheiligen Georg (Sant Jordi) und Spaniens ber\u00fchmtesten Schriftsteller ...\" \/>\n<meta property=\"og:url\" content=\"http:\/\/paseo-barcelona.de\/barcelona\/sant-jordi-von-drachen-buechern-und-rosen\/\" \/>\n<meta property=\"og:site_name\" content=\"Paseo Barcelona\" \/>\n<meta property=\"article:published_time\" content=\"2017-04-22T06:07:21+00:00\" \/>\n<meta property=\"article:modified_time\" content=\"2023-04-17T10:56:23+00:00\" \/>\n<meta property=\"og:image\" content=\"http:\/\/paseo-barcelona.de\/barcelona\/wp-content\/uploads\/2017\/04\/IMG_4061.jpg\" \/>\n<meta name=\"author\" content=\"Paseo Barcelona Team\" \/>\n<meta name=\"twitter:label1\" content=\"Verfasst von\" \/>\n\t<meta name=\"twitter:data1\" content=\"Paseo Barcelona Team\" \/>\n\t<meta name=\"twitter:label2\" content=\"Gesch\u00e4tzte Lesezeit\" \/>\n\t<meta name=\"twitter:data2\" content=\"4\u00a0Minuten\" \/>\n<script type=\"application\/ld+json\" class=\"yoast-schema-graph\">{\"@context\":\"https:\/\/schema.org\",\"@graph\":[{\"@type\":\"WebPage\",\"@id\":\"http:\/\/paseo-barcelona.de\/barcelona\/sant-jordi-von-drachen-buechern-und-rosen\/\",\"url\":\"http:\/\/paseo-barcelona.de\/barcelona\/sant-jordi-von-drachen-buechern-und-rosen\/\",\"name\":\"Sant Jordi - von Drachen, B\u00fcchern und Rosen - Paseo Barcelona\",\"isPartOf\":{\"@id\":\"http:\/\/paseo-barcelona.de\/barcelona\/#website\"},\"primaryImageOfPage\":{\"@id\":\"http:\/\/paseo-barcelona.de\/barcelona\/sant-jordi-von-drachen-buechern-und-rosen\/#primaryimage\"},\"image\":{\"@id\":\"http:\/\/paseo-barcelona.de\/barcelona\/sant-jordi-von-drachen-buechern-und-rosen\/#primaryimage\"},\"thumbnailUrl\":\"https:\/\/i0.wp.com\/paseo-barcelona.de\/barcelona\/wp-content\/uploads\/2017\/04\/roman-kraft-208004.jpg?fit=7360%2C4912\",\"datePublished\":\"2017-04-22T06:07:21+00:00\",\"dateModified\":\"2023-04-17T10:56:23+00:00\",\"author\":{\"@id\":\"http:\/\/paseo-barcelona.de\/barcelona\/#\/schema\/person\/1667771763b0875bdc74a1f97a510b33\"},\"breadcrumb\":{\"@id\":\"http:\/\/paseo-barcelona.de\/barcelona\/sant-jordi-von-drachen-buechern-und-rosen\/#breadcrumb\"},\"inLanguage\":\"de\",\"potentialAction\":[{\"@type\":\"ReadAction\",\"target\":[\"http:\/\/paseo-barcelona.de\/barcelona\/sant-jordi-von-drachen-buechern-und-rosen\/\"]}]},{\"@type\":\"ImageObject\",\"inLanguage\":\"de\",\"@id\":\"http:\/\/paseo-barcelona.de\/barcelona\/sant-jordi-von-drachen-buechern-und-rosen\/#primaryimage\",\"url\":\"https:\/\/i0.wp.com\/paseo-barcelona.de\/barcelona\/wp-content\/uploads\/2017\/04\/roman-kraft-208004.jpg?fit=7360%2C4912\",\"contentUrl\":\"https:\/\/i0.wp.com\/paseo-barcelona.de\/barcelona\/wp-content\/uploads\/2017\/04\/roman-kraft-208004.jpg?fit=7360%2C4912\",\"width\":7360,\"height\":4912},{\"@type\":\"BreadcrumbList\",\"@id\":\"http:\/\/paseo-barcelona.de\/barcelona\/sant-jordi-von-drachen-buechern-und-rosen\/#breadcrumb\",\"itemListElement\":[{\"@type\":\"ListItem\",\"position\":1,\"name\":\"Home\",\"item\":\"http:\/\/paseo-barcelona.de\/barcelona\/\"},{\"@type\":\"ListItem\",\"position\":2,\"name\":\"Sant Jordi &#8211; von Drachen, B\u00fcchern und Rosen\"}]},{\"@type\":\"WebSite\",\"@id\":\"http:\/\/paseo-barcelona.de\/barcelona\/#website\",\"url\":\"http:\/\/paseo-barcelona.de\/barcelona\/\",\"name\":\"Paseo Barcelona\",\"description\":\"Stadtf\u00fchrungen in Barcelona\",\"potentialAction\":[{\"@type\":\"SearchAction\",\"target\":{\"@type\":\"EntryPoint\",\"urlTemplate\":\"http:\/\/paseo-barcelona.de\/barcelona\/?s={search_term_string}\"},\"query-input\":\"required name=search_term_string\"}],\"inLanguage\":\"de\"},{\"@type\":\"Person\",\"@id\":\"http:\/\/paseo-barcelona.de\/barcelona\/#\/schema\/person\/1667771763b0875bdc74a1f97a510b33\",\"name\":\"Paseo Barcelona Team\",\"description\":\"Das Paseo Barcelona Team bietet seit 2007 Stadtf\u00fchrungen und Ausfl\u00fcge in Barcelona an.\",\"sameAs\":[\"http:\/\/www.paseo-barcelona.de\"],\"url\":\"http:\/\/paseo-barcelona.de\/barcelona\/author\/wp_admin\/\"}]}<\/script>\n<!-- \/ Yoast SEO plugin. -->","yoast_head_json":{"title":"Sant Jordi - von Drachen, B\u00fcchern und Rosen - Paseo Barcelona","robots":{"index":"index","follow":"follow","max-snippet":"max-snippet:-1","max-image-preview":"max-image-preview:large","max-video-preview":"max-video-preview:-1"},"canonical":"http:\/\/paseo-barcelona.de\/barcelona\/sant-jordi-von-drachen-buechern-und-rosen\/","og_locale":"de_DE","og_type":"article","og_title":"Sant Jordi - von Drachen, B\u00fcchern und Rosen - Paseo Barcelona","og_description":"Der 23. April ist in Barcelona und ganz Katalonien ein besonderer Festtag mit romantischem Flair. Die Katalanen ehren an diesem Tag ihren Schutzheiligen Georg (Sant Jordi) und Spaniens ber\u00fchmtesten Schriftsteller ...","og_url":"http:\/\/paseo-barcelona.de\/barcelona\/sant-jordi-von-drachen-buechern-und-rosen\/","og_site_name":"Paseo Barcelona","article_published_time":"2017-04-22T06:07:21+00:00","article_modified_time":"2023-04-17T10:56:23+00:00","og_image":[{"url":"http:\/\/paseo-barcelona.de\/barcelona\/wp-content\/uploads\/2017\/04\/IMG_4061.jpg"}],"author":"Paseo Barcelona Team","twitter_misc":{"Verfasst von":"Paseo Barcelona Team","Gesch\u00e4tzte Lesezeit":"4\u00a0Minuten"},"schema":{"@context":"https:\/\/schema.org","@graph":[{"@type":"WebPage","@id":"http:\/\/paseo-barcelona.de\/barcelona\/sant-jordi-von-drachen-buechern-und-rosen\/","url":"http:\/\/paseo-barcelona.de\/barcelona\/sant-jordi-von-drachen-buechern-und-rosen\/","name":"Sant Jordi - von Drachen, B\u00fcchern und Rosen - Paseo Barcelona","isPartOf":{"@id":"http:\/\/paseo-barcelona.de\/barcelona\/#website"},"primaryImageOfPage":{"@id":"http:\/\/paseo-barcelona.de\/barcelona\/sant-jordi-von-drachen-buechern-und-rosen\/#primaryimage"},"image":{"@id":"http:\/\/paseo-barcelona.de\/barcelona\/sant-jordi-von-drachen-buechern-und-rosen\/#primaryimage"},"thumbnailUrl":"https:\/\/i0.wp.com\/paseo-barcelona.de\/barcelona\/wp-content\/uploads\/2017\/04\/roman-kraft-208004.jpg?fit=7360%2C4912","datePublished":"2017-04-22T06:07:21+00:00","dateModified":"2023-04-17T10:56:23+00:00","author":{"@id":"http:\/\/paseo-barcelona.de\/barcelona\/#\/schema\/person\/1667771763b0875bdc74a1f97a510b33"},"breadcrumb":{"@id":"http:\/\/paseo-barcelona.de\/barcelona\/sant-jordi-von-drachen-buechern-und-rosen\/#breadcrumb"},"inLanguage":"de","potentialAction":[{"@type":"ReadAction","target":["http:\/\/paseo-barcelona.de\/barcelona\/sant-jordi-von-drachen-buechern-und-rosen\/"]}]},{"@type":"ImageObject","inLanguage":"de","@id":"http:\/\/paseo-barcelona.de\/barcelona\/sant-jordi-von-drachen-buechern-und-rosen\/#primaryimage","url":"https:\/\/i0.wp.com\/paseo-barcelona.de\/barcelona\/wp-content\/uploads\/2017\/04\/roman-kraft-208004.jpg?fit=7360%2C4912","contentUrl":"https:\/\/i0.wp.com\/paseo-barcelona.de\/barcelona\/wp-content\/uploads\/2017\/04\/roman-kraft-208004.jpg?fit=7360%2C4912","width":7360,"height":4912},{"@type":"BreadcrumbList","@id":"http:\/\/paseo-barcelona.de\/barcelona\/sant-jordi-von-drachen-buechern-und-rosen\/#breadcrumb","itemListElement":[{"@type":"ListItem","position":1,"name":"Home","item":"http:\/\/paseo-barcelona.de\/barcelona\/"},{"@type":"ListItem","position":2,"name":"Sant Jordi &#8211; von Drachen, B\u00fcchern und Rosen"}]},{"@type":"WebSite","@id":"http:\/\/paseo-barcelona.de\/barcelona\/#website","url":"http:\/\/paseo-barcelona.de\/barcelona\/","name":"Paseo Barcelona","description":"Stadtf\u00fchrungen in Barcelona","potentialAction":[{"@type":"SearchAction","target":{"@type":"EntryPoint","urlTemplate":"http:\/\/paseo-barcelona.de\/barcelona\/?s={search_term_string}"},"query-input":"required name=search_term_string"}],"inLanguage":"de"},{"@type":"Person","@id":"http:\/\/paseo-barcelona.de\/barcelona\/#\/schema\/person\/1667771763b0875bdc74a1f97a510b33","name":"Paseo Barcelona Team","description":"Das Paseo Barcelona Team bietet seit 2007 Stadtf\u00fchrungen und Ausfl\u00fcge in Barcelona an.","sameAs":["http:\/\/www.paseo-barcelona.de"],"url":"http:\/\/paseo-barcelona.de\/barcelona\/author\/wp_admin\/"}]}},"jetpack_sharing_enabled":true,"jetpack_featured_media_url":"https:\/\/i0.wp.com\/paseo-barcelona.de\/barcelona\/wp-content\/uploads\/2017\/04\/roman-kraft-208004.jpg?fit=7360%2C4912","jetpack_shortlink":"https:\/\/wp.me\/p3DtfU-cb","jetpack-related-posts":[],"_links":{"self":[{"href":"http:\/\/paseo-barcelona.de\/barcelona\/wp-json\/wp\/v2\/posts\/755"}],"collection":[{"href":"http:\/\/paseo-barcelona.de\/barcelona\/wp-json\/wp\/v2\/posts"}],"about":[{"href":"http:\/\/paseo-barcelona.de\/barcelona\/wp-json\/wp\/v2\/types\/post"}],"author":[{"embeddable":true,"href":"http:\/\/paseo-barcelona.de\/barcelona\/wp-json\/wp\/v2\/users\/1"}],"replies":[{"embeddable":true,"href":"http:\/\/paseo-barcelona.de\/barcelona\/wp-json\/wp\/v2\/comments?post=755"}],"version-history":[{"count":8,"href":"http:\/\/paseo-barcelona.de\/barcelona\/wp-json\/wp\/v2\/posts\/755\/revisions"}],"predecessor-version":[{"id":817,"href":"http:\/\/paseo-barcelona.de\/barcelona\/wp-json\/wp\/v2\/posts\/755\/revisions\/817"}],"wp:featuredmedia":[{"embeddable":true,"href":"http:\/\/paseo-barcelona.de\/barcelona\/wp-json\/wp\/v2\/media\/757"}],"wp:attachment":[{"href":"http:\/\/paseo-barcelona.de\/barcelona\/wp-json\/wp\/v2\/media?parent=755"}],"wp:term":[{"taxonomy":"category","embeddable":true,"href":"http:\/\/paseo-barcelona.de\/barcelona\/wp-json\/wp\/v2\/categories?post=755"},{"taxonomy":"post_tag","embeddable":true,"href":"http:\/\/paseo-barcelona.de\/barcelona\/wp-json\/wp\/v2\/tags?post=755"}],"curies":[{"name":"wp","href":"https:\/\/api.w.org\/{rel}","templated":true}]}}